{"id":2284,"date":"2021-05-25T11:38:50","date_gmt":"2021-05-25T11:38:50","guid":{"rendered":"https:\/\/stanfordalumnispain.org\/?p=2284"},"modified":"2021-06-14T16:51:39","modified_gmt":"2021-06-14T16:51:39","slug":"gestion-de-las-emociones-el-catalizador-de-la-productividad-10-de-junio-2021-1800-cet","status":"publish","type":"post","link":"https:\/\/stanfordalumnispain.org\/en\/gestion-de-las-emociones-el-catalizador-de-la-productividad-10-de-junio-2021-1800-cet","title":{"rendered":"Gesti\u00f3n de las emociones: el catalizador de la productividad (10 de Junio 2021 &#8211; 18:00 CET)"},"content":{"rendered":"<div style=\"height:20px\" aria-hidden=\"true\" class=\"wp-block-spacer\"><\/div>\n\n\n\n<p class=\"has-text-color has-medium-font-size has-very-dark-gray-color wp-block-paragraph\"><strong>Cu\u00e1ndo: Jueves, 10&nbsp;de Junio<\/strong><\/p>\n\n\n\n<p class=\"has-text-color has-medium-font-size has-very-dark-gray-color wp-block-paragraph\"><strong>Hora: 18:00 p.m.<\/strong><\/p>\n\n\n\n<div style=\"height:20px\" aria-hidden=\"true\" class=\"wp-block-spacer\"><\/div>\n\n\n\n<p class=\"has-text-color has-very-dark-gray-color wp-block-paragraph\"><strong>El Club de Cient\u00edficos Rafael\ndel Pino<\/strong>, te invita al webinar<strong>&nbsp;\u00abGesti\u00f3n\nde las emociones: el catalizador de la productividad\u00bb&nbsp;<\/strong>con\n<strong>Dr. Fernando Maestre, Dra. Rosa Molina\ny&nbsp;Dr. Daniel Pe\u00f1a<\/strong>,<strong>&nbsp;<\/strong>el\njueves, 10 de junio a las 18:00h.<br>\n<br>\n<strong>\u00bfPor qu\u00e9 cuando pensamos sobre profesionalidad\nsaltamos a la idea de que deber\u00edamos suprimir c\u00f3mo nos sentimos? <\/strong>Muchos\nde nosotros infravaloramos la cantidad y alcance de las necesidades emocionales\nque llevamos a la oficina cada d\u00eda. M\u00e1s all\u00e1 de la relaci\u00f3n con nuestros\nsupervisores, <strong>las din\u00e1micas emocionales de nuestro d\u00eda a d\u00eda\nafectan nuestra motivaci\u00f3n, salud, comunicaci\u00f3n y toma de decisiones entre\notros.<\/strong><br>\n<br>\nEn el <a href=\"https:\/\/cientificosrdp.org\/?mc_cid=de2ee30899&amp;mc_eid=6a55fcdcbd\" target=\"_blank\" rel=\"noreferrer noopener\">Club de Cient\u00edficos<\/a> Rafael del Pino son&nbsp;conscientes de\nesta realidad. <strong>En este evento se tratar\u00e1 de\nentender mejor nuestros sentimientos para mejorar nuestras rutinas\nprofesionales. De la mano de los \u00faltimos avances en neurociencia y psicolog\u00eda<\/strong>,\nas\u00ed como con ejemplos de l\u00edderes que utilizan estas herramientas actualmente\npara liderar sus equipos, <strong>queremos tratar los\nsiguientes temas:<\/strong><\/p>\n\n\n\n<p class=\"has-text-color has-very-dark-gray-color wp-block-paragraph\">\u25cf \u00bf<strong>C\u00f3mo gestionar<\/strong>\nlos bloqueos generados por <strong>el s\u00edndrome del impostor<\/strong>\no el feedback negativo?<br>\n<br>\n\u25cf <strong>\u00bfC\u00f3mo podemos gestionar<\/strong> el\nestr\u00e9s que puede conducir al <strong>s\u00edndrome de Burnout?<\/strong><br>\n<br>\n\u25cf Sabemos que trabajar en equipo es muy importante. Sin embargo, cuanta m\u00e1s\ncolaboraci\u00f3n, mayor conflicto \u00bfC\u00f3mo podemos <strong>aprender\na gestionar este conflicto de manera sana?<\/strong><br>\n<br>\n\u25cf Cada vez hay m\u00e1s empresas que demuestran que la productividad de su empresa\naumenta cuanto m\u00e1s felices sean sus trabajadores en el entorno laboral, pero,\n\u00bfqu\u00e9 es la felicidad productiva? \u00bfEs viable en diferentes \u00e1mbitos laborales?<\/p>\n\n\n\n<p class=\"has-text-color has-very-dark-gray-color wp-block-paragraph\">Para ello <strong>contar\u00e1n con tres ponentes con experiencia en la gesti\u00f3n de las emociones en el \u00e1mbito laboral:<\/strong> <a rel=\"noreferrer noopener\" href=\"https:\/\/es.wikipedia.org\/wiki\/Fernando_Maestre_Gil?mc_cid=de2ee30899&amp;mc_eid=6a55fcdcbd\" target=\"_blank\">Dr. Fernando Maestre<\/a>, catedr\u00e1tico de la Universidad Rey Juan Carlos e investigador distinguido en la Universidad de Alicante; <a rel=\"noreferrer noopener\" href=\"https:\/\/canismajoris.es\/entrevistamos-a-la-dra-rosa-molina-coordinadora-de-la-jornada-lo-motor-en-salud-mental-amo-o-esclavo\/?mc_cid=de2ee30899&amp;mc_eid=6a55fcdcbd\" target=\"_blank\">Dra. Rosa Molina<\/a>, doctorada en Neurociencia y psiquiatra en el Hospital Cl\u00ednico San Carlos; y, <a rel=\"noreferrer noopener\" href=\"https:\/\/www.apertia-consulting.com\/category\/autor-a\/daniel-pena\/?mc_cid=de2ee30899&amp;mc_eid=6a55fcdcbd\" target=\"_blank\">Dr. Daniel Pe\u00f1a<\/a>, Doctor en Psicolog\u00eda, director del \u00e1rea de I+D en Apertia Consulting.<\/p>\n\n\n\n<div style=\"height:30px\" aria-hidden=\"true\" class=\"wp-block-spacer\"><\/div>\n\n\n\n<div class=\"wp-block-button\"><a class=\"wp-block-button__link has-text-color has-very-light-gray-color has-background\" href=\"https:\/\/frdelpino-es.zoom.us\/webinar\/register\/WN_VjBz4Z_VSDqvLv89lbOZOw?mc_cid=de2ee30899&amp;mc_eid=6a55fcdcbd\" style=\"background-color:#911919\">Registrarse<\/a><\/div>\n\n\n\n<div style=\"height:74px\" aria-hidden=\"true\" class=\"wp-block-spacer\"><\/div>\n\n\n\n<p class=\"has-text-color has-very-dark-gray-color wp-block-paragraph\"><strong>Stanford Alumni Spain Sponsors:<\/strong><\/p>\n\n\n\n<figure class=\"wp-block-image size-large\"><img decoding=\"async\" src=\"https:\/\/stanfordalumnispain.org\/wp-content\/uploads\/2021\/04\/stanford-alumni-sponsors.png\" alt=\"\" class=\"wp-image-2201\"\/><\/figure>","protected":false},"excerpt":{"rendered":"<p>El Club de Cient\u00edficos Rafael del Pino, te invita al webinar \u00abGesti\u00f3n de las emociones: el catalizador de la productividad\u00bb con Dr. Fernando Maestre, Dra. Rosa Molina y Dr. Daniel Pe\u00f1a, el jueves, 10 de junio a las 18:00h.<\/p>","protected":false},"author":1,"featured_media":2286,"comment_status":"closed","ping_status":"closed","sticky":false,"template":"","format":"standard","meta":{"_eb_attr":"","footnotes":""},"categories":[5],"tags":[],"class_list":["post-2284","post","type-post","status-publish","format-standard","has-post-thumbnail","hentry","category-eventos-pasados"],"_links":{"self":[{"href":"https:\/\/stanfordalumnispain.org\/en\/wp-json\/wp\/v2\/posts\/2284","targetHints":{"allow":["GET"]}}],"collection":[{"href":"https:\/\/stanfordalumnispain.org\/en\/wp-json\/wp\/v2\/posts"}],"about":[{"href":"https:\/\/stanfordalumnispain.org\/en\/wp-json\/wp\/v2\/types\/post"}],"author":[{"embeddable":true,"href":"https:\/\/stanfordalumnispain.org\/en\/wp-json\/wp\/v2\/users\/1"}],"replies":[{"embeddable":true,"href":"https:\/\/stanfordalumnispain.org\/en\/wp-json\/wp\/v2\/comments?post=2284"}],"version-history":[{"count":5,"href":"https:\/\/stanfordalumnispain.org\/en\/wp-json\/wp\/v2\/posts\/2284\/revisions"}],"predecessor-version":[{"id":2291,"href":"https:\/\/stanfordalumnispain.org\/en\/wp-json\/wp\/v2\/posts\/2284\/revisions\/2291"}],"wp:featuredmedia":[{"embeddable":true,"href":"https:\/\/stanfordalumnispain.org\/en\/wp-json\/wp\/v2\/media\/2286"}],"wp:attachment":[{"href":"https:\/\/stanfordalumnispain.org\/en\/wp-json\/wp\/v2\/media?parent=2284"}],"wp:term":[{"taxonomy":"category","embeddable":true,"href":"https:\/\/stanfordalumnispain.org\/en\/wp-json\/wp\/v2\/categories?post=2284"},{"taxonomy":"post_tag","embeddable":true,"href":"https:\/\/stanfordalumnispain.org\/en\/wp-json\/wp\/v2\/tags?post=2284"}],"curies":[{"name":"wp","href":"https:\/\/api.w.org\/{rel}","templated":true}]}}